{"id":2545,"date":"2025-11-05T13:39:19","date_gmt":"2025-11-05T12:39:19","guid":{"rendered":"https:\/\/nachhilfe.schulen-nl.de\/nachhilfee-wp\/?p=2545"},"modified":"2025-11-05T13:40:10","modified_gmt":"2025-11-05T12:40:10","slug":"gestern-durfte-alex-wexler-beim-%f0%9f%93%9a-bildungsdialog-mit-kultusministerin-anna-stolz-einen-impulsvortrag-ueber-mein-herzensprojekt-%e2%9c%a8-nachhilfee-halten","status":"publish","type":"post","link":"https:\/\/nachhilfe.schulen-nl.de\/nachhilfee-wp\/2025\/11\/05\/gestern-durfte-alex-wexler-beim-%f0%9f%93%9a-bildungsdialog-mit-kultusministerin-anna-stolz-einen-impulsvortrag-ueber-mein-herzensprojekt-%e2%9c%a8-nachhilfee-halten\/","title":{"rendered":"Gestern durfte Alex Wexler beim \ud83d\udcda Bildungsdialog mit Kultusministerin Anna Stolz einen Impulsvortrag \u00fcber sein Herzensprojekt \u2728 NachhilFEE halten."},"content":{"rendered":"\n<h2 class=\"wp-block-heading\"><\/h2>\n\n\n\n<p>Besonders stolz sind wir auf alle Unterst\u00fctzerinnen und Unterst\u00fctzer \ud83d\ude4c, die mit so viel Herzblut, Engagement und \u00dcberzeugung hinter dem Projekt stehen.<\/p>\n\n\n\n<p>Der gro\u00dfer Dank geht an alle, die NachhilFEE m\u00f6glich machen \u2013 von der Idee bis zur Umsetzung \u2013 und nat\u00fcrlich an Frau Stolz f\u00fcr den offenen Austausch.<\/p>\n\n\n\n<p>Wir freuen uns sehr auf die n\u00e4chsten Schritte \ud83d\ude80 \u2013 damit NachhilFEE noch sichtbarer wird und noch mehr Sch\u00fclerinnen und Sch\u00fcler von dieser Initiative profitieren k\u00f6nnen.<br><br><\/p>\n\n\n\n<figure class=\"wp-block-image size-full\"><img fetchpriority=\"high\" decoding=\"async\" width=\"581\" height=\"828\" src=\"https:\/\/nachhilfe.schulen-nl.de\/nachhilfee-wp\/wp-content\/uploads\/2025\/11\/Screenshot-2025-11-05-133758.png\" alt=\"\" class=\"wp-image-2547\" srcset=\"https:\/\/nachhilfe.schulen-nl.de\/nachhilfee-wp\/wp-content\/uploads\/2025\/11\/Screenshot-2025-11-05-133758.png 581w, https:\/\/nachhilfe.schulen-nl.de\/nachhilfee-wp\/wp-content\/uploads\/2025\/11\/Screenshot-2025-11-05-133758-211x300.png 211w\" sizes=\"(max-width: 581px) 100vw, 581px\" \/><\/figure>\n\n\n\n<figure class=\"wp-block-image size-large\"><img decoding=\"async\" width=\"1024\" height=\"768\" src=\"https:\/\/nachhilfe.schulen-nl.de\/nachhilfee-wp\/wp-content\/uploads\/2025\/11\/Bildungsdialog_MdL-Locke2-1024x768.jpg\" alt=\"\" class=\"wp-image-2546\" srcset=\"https:\/\/nachhilfe.schulen-nl.de\/nachhilfee-wp\/wp-content\/uploads\/2025\/11\/Bildungsdialog_MdL-Locke2-1024x768.jpg 1024w, https:\/\/nachhilfe.schulen-nl.de\/nachhilfee-wp\/wp-content\/uploads\/2025\/11\/Bildungsdialog_MdL-Locke2-300x225.jpg 300w, https:\/\/nachhilfe.schulen-nl.de\/nachhilfee-wp\/wp-content\/uploads\/2025\/11\/Bildungsdialog_MdL-Locke2-768x576.jpg 768w, https:\/\/nachhilfe.schulen-nl.de\/nachhilfee-wp\/wp-content\/uploads\/2025\/11\/Bildungsdialog_MdL-Locke2-1536x1152.jpg 1536w, https:\/\/nachhilfe.schulen-nl.de\/nachhilfee-wp\/wp-content\/uploads\/2025\/11\/Bildungsdialog_MdL-Locke2-2048x1536.jpg 2048w\" sizes=\"(max-width: 1024px) 100vw, 1024px\" \/><\/figure>\n","protected":false},"excerpt":{"rendered":"<p>Besonders stolz sind wir auf alle Unterst\u00fctzerinnen und Unterst\u00fctzer \ud83d\ude4c, die mit so viel Herzblut, Engagement und \u00dcberzeugung hinter dem Projekt stehen. Der gro\u00dfer Dank geht an alle, die NachhilFEE m\u00f6glich machen \u2013 von der Idee bis zur Umsetzung \u2013 und nat\u00fcrlich an Frau Stolz f\u00fcr den offenen Austausch. Wir freuen uns sehr auf die [&hellip;]<\/p>\n","protected":false},"author":2,"featured_media":0,"comment_status":"open","ping_status":"open","sticky":false,"template":"","format":"standard","meta":{"inline_featured_image":false,"iawp_total_views":4,"footnotes":""},"categories":[1],"tags":[],"class_list":["post-2545","post","type-post","status-publish","format-standard","hentry","category-allgemein"],"_links":{"self":[{"href":"https:\/\/nachhilfe.schulen-nl.de\/nachhilfee-wp\/wp-json\/wp\/v2\/posts\/2545","targetHints":{"allow":["GET"]}}],"collection":[{"href":"https:\/\/nachhilfe.schulen-nl.de\/nachhilfee-wp\/wp-json\/wp\/v2\/posts"}],"about":[{"href":"https:\/\/nachhilfe.schulen-nl.de\/nachhilfee-wp\/wp-json\/wp\/v2\/types\/post"}],"author":[{"embeddable":true,"href":"https:\/\/nachhilfe.schulen-nl.de\/nachhilfee-wp\/wp-json\/wp\/v2\/users\/2"}],"replies":[{"embeddable":true,"href":"https:\/\/nachhilfe.schulen-nl.de\/nachhilfee-wp\/wp-json\/wp\/v2\/comments?post=2545"}],"version-history":[{"count":3,"href":"https:\/\/nachhilfe.schulen-nl.de\/nachhilfee-wp\/wp-json\/wp\/v2\/posts\/2545\/revisions"}],"predecessor-version":[{"id":2550,"href":"https:\/\/nachhilfe.schulen-nl.de\/nachhilfee-wp\/wp-json\/wp\/v2\/posts\/2545\/revisions\/2550"}],"wp:attachment":[{"href":"https:\/\/nachhilfe.schulen-nl.de\/nachhilfee-wp\/wp-json\/wp\/v2\/media?parent=2545"}],"wp:term":[{"taxonomy":"category","embeddable":true,"href":"https:\/\/nachhilfe.schulen-nl.de\/nachhilfee-wp\/wp-json\/wp\/v2\/categories?post=2545"},{"taxonomy":"post_tag","embeddable":true,"href":"https:\/\/nachhilfe.schulen-nl.de\/nachhilfee-wp\/wp-json\/wp\/v2\/tags?post=2545"}],"curies":[{"name":"wp","href":"https:\/\/api.w.org\/{rel}","templated":true}]}}