{"id":2349,"date":"2022-07-19T13:20:30","date_gmt":"2022-07-19T11:20:30","guid":{"rendered":"https:\/\/nachhilfe.schulen-nl.de\/nachhilfee-wp\/?p=2349"},"modified":"2022-07-19T13:21:15","modified_gmt":"2022-07-19T11:21:15","slug":"update-juli-2022","status":"publish","type":"post","link":"https:\/\/nachhilfe.schulen-nl.de\/nachhilfee-wp\/2022\/07\/19\/update-juli-2022\/","title":{"rendered":"Update Juli 2022"},"content":{"rendered":"\n<p>Mittlerweile nehmen 27 der Grund- und Mittelschulen im Landkreis das NachhilFEE Angebot in Anspruch. In Rahmen einer Kooperation mit gemeinsam. Br\u00fccken. bauen., dem F\u00f6rderprogramm der Bayerischen Staatsregierung.<\/p>\n\n\n\n<p>Mehr als 115 flei\u00dfige Feen k\u00fcmmern sich aktuell um die Sch\u00fcler und Sch\u00fclerinnen. Auch im Schuljahr 2022\/2023 wird das Projekt m\u00f6glich gemacht und soll auf alle Grund- und Mittelschulen im Landkreis ausgeweitet werden.<\/p>\n","protected":false},"excerpt":{"rendered":"<p>Mittlerweile nehmen 27 der Grund- und Mittelschulen im Landkreis das NachhilFEE Angebot in Anspruch. In Rahmen einer Kooperation mit gemeinsam. Br\u00fccken. bauen., dem F\u00f6rderprogramm der Bayerischen Staatsregierung. Mehr als 115 flei\u00dfige Feen k\u00fcmmern sich aktuell um die Sch\u00fcler und Sch\u00fclerinnen. Auch im Schuljahr 2022\/2023 wird das Projekt m\u00f6glich gemacht und soll auf alle Grund- und [&hellip;]<\/p>\n","protected":false},"author":1,"featured_media":0,"comment_status":"open","ping_status":"open","sticky":false,"template":"","format":"standard","meta":{"inline_featured_image":false,"iawp_total_views":0,"footnotes":""},"categories":[1],"tags":[],"class_list":["post-2349","post","type-post","status-publish","format-standard","hentry","category-allgemein"],"_links":{"self":[{"href":"https:\/\/nachhilfe.schulen-nl.de\/nachhilfee-wp\/wp-json\/wp\/v2\/posts\/2349","targetHints":{"allow":["GET"]}}],"collection":[{"href":"https:\/\/nachhilfe.schulen-nl.de\/nachhilfee-wp\/wp-json\/wp\/v2\/posts"}],"about":[{"href":"https:\/\/nachhilfe.schulen-nl.de\/nachhilfee-wp\/wp-json\/wp\/v2\/types\/post"}],"author":[{"embeddable":true,"href":"https:\/\/nachhilfe.schulen-nl.de\/nachhilfee-wp\/wp-json\/wp\/v2\/users\/1"}],"replies":[{"embeddable":true,"href":"https:\/\/nachhilfe.schulen-nl.de\/nachhilfee-wp\/wp-json\/wp\/v2\/comments?post=2349"}],"version-history":[{"count":1,"href":"https:\/\/nachhilfe.schulen-nl.de\/nachhilfee-wp\/wp-json\/wp\/v2\/posts\/2349\/revisions"}],"predecessor-version":[{"id":2350,"href":"https:\/\/nachhilfe.schulen-nl.de\/nachhilfee-wp\/wp-json\/wp\/v2\/posts\/2349\/revisions\/2350"}],"wp:attachment":[{"href":"https:\/\/nachhilfe.schulen-nl.de\/nachhilfee-wp\/wp-json\/wp\/v2\/media?parent=2349"}],"wp:term":[{"taxonomy":"category","embeddable":true,"href":"https:\/\/nachhilfe.schulen-nl.de\/nachhilfee-wp\/wp-json\/wp\/v2\/categories?post=2349"},{"taxonomy":"post_tag","embeddable":true,"href":"https:\/\/nachhilfe.schulen-nl.de\/nachhilfee-wp\/wp-json\/wp\/v2\/tags?post=2349"}],"curies":[{"name":"wp","href":"https:\/\/api.w.org\/{rel}","templated":true}]}}